{"id":134,"date":"2016-07-10T20:41:10","date_gmt":"2016-07-10T17:41:10","guid":{"rendered":"http:\/\/ahmet.kirali.net\/blog\/?p=134"},"modified":"2019-01-29T10:08:34","modified_gmt":"2019-01-29T07:08:34","slug":"dual-boot-ubuntu-windows-saat-problemi-cozumu","status":"publish","type":"post","link":"https:\/\/ahmet.kirali.net\/blog\/2016\/07\/10\/dual-boot-ubuntu-windows-saat-problemi-cozumu\/","title":{"rendered":"(Dual Boot) Ubuntu &#8211; Windows Saat Problemi \u00c7\u00f6z\u00fcm\u00fc (2 farkl\u0131 y\u00f6ntem)"},"content":{"rendered":"<p style=\"text-align: justify;\">Ubuntu ile birlikte Windows kullan\u0131yorsan\u0131z, Ubuntu&#8217;dan Windows&#8217;a ge\u00e7ti\u011finizde saat fark\u0131 olu\u015ftu\u011funu biliyorsunuzdur. Yanl\u0131\u015f saat size bir \u00e7ok sorun \u00e7\u0131kar\u0131r, ba\u015f\u0131n\u0131z\u0131 olmad\u0131k dertlere sokar&#8230; Windows, saati Ubuntu gibi her a\u00e7\u0131l\u0131\u015fta de\u011fil haftada bir kez e\u015fitler. Bu y\u00fczden bilgisayar saatini ya siz d\u00fczelteceksiniz ya da bir hafta e\u015fitlenmesini bekleyeceksiniz.&nbsp; <strong>(:<\/strong><\/p>\n<p style=\"text-align: justify;\">Her seferinde bu d\u00fczeltmeyi elle yapmak \u00e7ok s\u0131k\u0131c\u0131 bir i\u015ftir, ama bu d\u00fczeltmeyi en basit \u015fekilde <a href=\"http:\/\/www.timesynctool.com\/\"><u>buradan indirece\u011finiz<\/u> NetTime<\/a> ile otomatik olarak yapabilirsiniz. B\u00f6yle basit bir i\u015f i\u00e7in progam kullanmam diyorsan\u0131z, Windows&#8217;un G\u00f6rev Zamanlay\u0131c\u0131s\u0131 ile her a\u00e7\u0131l\u0131\u015fta saati g\u00fcncellemesini sa\u011flayabilirsiniz. Nas\u0131l yap\u0131ld\u0131\u011f\u0131na dair burada uzun uzun resimli anlat\u0131m yapmak istemiyorum, o nedenle nas\u0131l yap\u0131ld\u0131\u011f\u0131n\u0131 ayr\u0131nt\u0131l\u0131 olarak g\u00f6rmek isteyenler i\u00e7in yaz\u0131n\u0131n sonunda kaynak olarak kullanabilece\u011finiz ingilizce bir ba\u011flant\u0131 verece\u011fim.<\/p>\n<p style=\"text-align: justify;\"><u><a href=\"https:\/\/yadi.sk\/d\/NrhlKYd4tAe6b\" target=\"_blank\" rel=\"noopener\">Buradaki<\/a><\/u> ba\u011flant\u0131dan indirece\u011finiz g\u00f6rev dosyas\u0131n\u0131 (xml dosyas\u0131d\u0131r i\u00e7eri\u011fini inceleyebilirsiniz) hi\u00e7 u\u011fra\u015fmadan Windows&#8217;un G\u00f6rev Y\u00f6neticisine ekleyebilirsiniz. Her a\u00e7\u0131l\u0131\u015ftan 30 sn. sonra saati internet zaman sunucular\u0131 ile e\u015fitleyecektir. (30 sn. s\u00fcre bilgisayar\u0131n\u0131z\u0131n ilk a\u00e7\u0131l\u0131\u015f\u0131nda a\u011f ba\u011flant\u0131s\u0131n\u0131n gecikmesi ihtimali g\u00f6z \u00f6n\u00fcne al\u0131narak eklenmi\u015ftir. \u0130sterseniz tetikleyiciyi d\u00fczenleyerek bu s\u00fcreyi uzatabilir ya da kald\u0131rabilirsiniz.)<\/p>\n<p style=\"text-align: justify;\">G\u00f6rev dosyas\u0131n\u0131 indirdiyseniz, <strong>Denetim Masas\u0131 &gt; Y\u00f6netimsel Ara\u00e7lar &gt; G\u00f6rev Zamanlay\u0131c\u0131<\/strong> yolunu takip ederek, g\u00f6rev zamanlay\u0131c\u0131y\u0131 \u00e7al\u0131\u015ft\u0131rabilirsiniz. (Win+R ile \u00c7al\u0131\u015ft\u0131r pencereci\u011fini a\u00e7\u0131p <strong>taskschd.msc \/s<\/strong> komutuyla da \u00e7al\u0131\u015f\u0131t\u0131rabilirsiniz.)<br \/>\nG\u00f6rev zamanlay\u0131c\u0131n\u0131n sol yan\u0131ndan g\u00f6rev a\u011fac\u0131n\u0131 (g\u00f6rev kitapl\u0131\u011f\u0131n\u0131) geni\u015fleterek <strong>Microsoft &gt; Windows &gt; Time Synchronization<\/strong> alt\u0131na gelin ve g\u00f6revlerin oldu\u011fu alana sa\u011f t\u0131klayarak <strong>G\u00f6rev Al&#8230;<\/strong> deyin ve indirdi\u011finiz dosyay\u0131 g\u00f6sterin. Bu k\u0131s\u0131mda nereye sa\u011f tu\u015f ile t\u0131klayaca\u011f\u0131n\u0131z\u0131 alttaki ekran g\u00f6r\u00fcnt\u00fcs\u00fcnden g\u00f6rebilirsiniz.<\/p>\n<p style=\"text-align: center;\"><img loading=\"lazy\" decoding=\"async\" class=\"aligncenter size-full wp-image-139\" title=\"G\u00f6rev Zamanlay\u0131c\u0131 Ekran\u0131 (G\u00f6rev nas\u0131l i\u00e7e al\u0131n\u0131r?)\" src=\"https:\/\/ahmet.kirali.net\/blog\/wp-content\/uploads\/2016\/07\/UbuntuGorevZamanla.jpg\" alt=\"UbuntuGorevZamanla\" width=\"805\" height=\"731\" srcset=\"https:\/\/ahmet.kirali.net\/blog\/wp-content\/uploads\/2016\/07\/UbuntuGorevZamanla.jpg 805w, https:\/\/ahmet.kirali.net\/blog\/wp-content\/uploads\/2016\/07\/UbuntuGorevZamanla-300x272.jpg 300w, https:\/\/ahmet.kirali.net\/blog\/wp-content\/uploads\/2016\/07\/UbuntuGorevZamanla-768x697.jpg 768w\" sizes=\"auto, (max-width: 805px) 100vw, 805px\" \/><\/p>\n<p style=\"text-align: justify;\">Hepsi bu kadar, art\u0131k her a\u00e7\u0131l\u0131\u015ftan 30 sn. sonra Windows saatini internet zaman sunucular\u0131 ile arkaplanda e\u015fitleyecektir.<\/p>\n<p style=\"text-align: justify;\">Yukar\u0131da verdi\u011fim dosyay\u0131 kullanmak istemiyorsan\u0131z. <u><a href=\"https:\/\/www.pretentiousname.com\/timesync\/\" target=\"_blank\" rel=\"noopener\">Bu ba\u011flant\u0131da<\/a><\/u> anlat\u0131lanlar\u0131 uygulayarak kendiniz de bir g\u00f6rev zamanlayabilirsiniz. Ancak buradaki anlat\u0131mda 30 sn.&#8217;lik gecikme eklenmemi\u015f, ben eklemenizi tavsiye ederim.<\/p>\n<p style=\"text-align: justify;\">Ho\u015f ve ho\u015f\u00e7a kal\u0131n.<\/p>\n<p><strong>Not:<\/strong> Yaz\u0131 NetTime program\u0131n\u0131 eklemek i\u00e7in g\u00fcncellenmi\u015ftir. 29.01.2019<\/p>\n","protected":false},"excerpt":{"rendered":"<p>Ubuntu ile birlikte Windows kullan\u0131yorsan\u0131z, Ubuntu&#8217;dan Windows&#8217;a ge\u00e7ti\u011finizde saat fark\u0131 olu\u015ftu\u011funu biliyorsunuzdur. Yanl\u0131\u015f saat size bir \u00e7ok sorun \u00e7\u0131kar\u0131r, ba\u015f\u0131n\u0131z\u0131 olmad\u0131k dertlere sokar&#8230; Windows, saati Ubuntu gibi her a\u00e7\u0131l\u0131\u015fta de\u011fil haftada bir kez e\u015fitler. Bu y\u00fczden bilgisayar saatini ya siz d\u00fczelteceksiniz ya da bir hafta e\u015fitlenmesini bekleyeceksiniz.&nbsp; (: Her seferinde bu d\u00fczeltmeyi elle yapmak \u00e7ok&hellip;&nbsp;<a href=\"https:\/\/ahmet.kirali.net\/blog\/2016\/07\/10\/dual-boot-ubuntu-windows-saat-problemi-cozumu\/\" rel=\"bookmark\"><span class=\"screen-reader-text\">(Dual Boot) Ubuntu &#8211; Windows Saat Problemi \u00c7\u00f6z\u00fcm\u00fc (2 farkl\u0131 y\u00f6ntem)<\/span><\/a><\/p>\n","protected":false},"author":1,"featured_media":139,"comment_status":"open","ping_status":"open","sticky":false,"template":"","format":"standard","meta":{"_crdt_document":"","neve_meta_sidebar":"","neve_meta_container":"","neve_meta_enable_content_width":"","neve_meta_content_width":0,"neve_meta_title_alignment":"","neve_meta_author_avatar":"","neve_post_elements_order":"","neve_meta_disable_header":"","neve_meta_disable_footer":"","neve_meta_disable_title":"","footnotes":""},"categories":[2],"tags":[26,29,28,30,17,27],"class_list":["post-134","post","type-post","status-publish","format-standard","has-post-thumbnail","hentry","category-bilgisayar","tag-dual-boot","tag-esitleme","tag-saat","tag-sorunu","tag-ubuntu","tag-windows"],"_links":{"self":[{"href":"https:\/\/ahmet.kirali.net\/blog\/wp-json\/wp\/v2\/posts\/134","targetHints":{"allow":["GET"]}}],"collection":[{"href":"https:\/\/ahmet.kirali.net\/blog\/wp-json\/wp\/v2\/posts"}],"about":[{"href":"https:\/\/ahmet.kirali.net\/blog\/wp-json\/wp\/v2\/types\/post"}],"author":[{"embeddable":true,"href":"https:\/\/ahmet.kirali.net\/blog\/wp-json\/wp\/v2\/users\/1"}],"replies":[{"embeddable":true,"href":"https:\/\/ahmet.kirali.net\/blog\/wp-json\/wp\/v2\/comments?post=134"}],"version-history":[{"count":10,"href":"https:\/\/ahmet.kirali.net\/blog\/wp-json\/wp\/v2\/posts\/134\/revisions"}],"predecessor-version":[{"id":301,"href":"https:\/\/ahmet.kirali.net\/blog\/wp-json\/wp\/v2\/posts\/134\/revisions\/301"}],"wp:featuredmedia":[{"embeddable":true,"href":"https:\/\/ahmet.kirali.net\/blog\/wp-json\/wp\/v2\/media\/139"}],"wp:attachment":[{"href":"https:\/\/ahmet.kirali.net\/blog\/wp-json\/wp\/v2\/media?parent=134"}],"wp:term":[{"taxonomy":"category","embeddable":true,"href":"https:\/\/ahmet.kirali.net\/blog\/wp-json\/wp\/v2\/categories?post=134"},{"taxonomy":"post_tag","embeddable":true,"href":"https:\/\/ahmet.kirali.net\/blog\/wp-json\/wp\/v2\/tags?post=134"}],"curies":[{"name":"wp","href":"https:\/\/api.w.org\/{rel}","templated":true}]}}