{"id":177,"date":"2016-10-28T15:57:56","date_gmt":"2016-10-28T12:57:56","guid":{"rendered":"http:\/\/ahmet.kirali.net\/blog\/?p=177"},"modified":"2016-10-29T18:02:08","modified_gmt":"2016-10-29T15:02:08","slug":"turkiye-cumhuriyeti-93-yasinda","status":"publish","type":"post","link":"https:\/\/ahmet.kirali.net\/blog\/2016\/10\/28\/turkiye-cumhuriyeti-93-yasinda\/","title":{"rendered":"T\u00fcrkiye Cumhuriyeti 93 Ya\u015f\u0131nda!"},"content":{"rendered":"<p style=\"text-align: center;\">\n\t<img loading=\"lazy\" decoding=\"async\" alt=\"Cumhuriyet Bayram\u0131'm\u0131z Kutlu Olsun!\" class=\"size-full wp-image-178\" height=\"317\" src=\"https:\/\/ahmet.kirali.net\/blog\/wp-content\/uploads\/2016\/10\/29Ekim1923.jpeg\" width=\"641\" srcset=\"https:\/\/ahmet.kirali.net\/blog\/wp-content\/uploads\/2016\/10\/29Ekim1923.jpeg 641w, https:\/\/ahmet.kirali.net\/blog\/wp-content\/uploads\/2016\/10\/29Ekim1923-300x148.jpeg 300w\" sizes=\"auto, (max-width: 641px) 100vw, 641px\" \/>\n<\/p>\n<p style=\"text-align: center;\">\n\t<span style=\"font-size:24px;\"><strong>Cumhuriyet Bayram\u0131&#39;m\u0131z Kutlu Olsun!<\/strong><\/span>\n<\/p>\n<p style=\"text-align: justify;\">\n\t&quot;Baz\u0131 arkada\u015flar\u0131n yoksulluk i&ccedil;inde bu b&uuml;y&uuml;k davan\u0131n ba\u015far\u0131lamayaca\u011f\u0131n\u0131 zannederek, memleketlerine d&ouml;nmek arzusunda olduklar\u0131n\u0131 duydum.\n<\/p>\n<p style=\"text-align: justify;\">\n\tArkada\u015flar!\n<\/p>\n<p style=\"text-align: justify;\">\n\tBen sizleri bu milli davaya silah zoruyla davet etmedim, g&ouml;r&uuml;yorsunuz ki sizi burada tutmak i&ccedil;in de silah\u0131m yoktur. Diledi\u011finiz gibi memleketlerinize d&ouml;nebilirsiniz.\n<\/p>\n<p style=\"text-align: justify;\">\n\tFakat \u015funu biliniz ki, b&uuml;t&uuml;n arkada\u015flar\u0131m beni yaln\u0131z b\u0131rak\u0131p gitseler, ben bu Meclis-i &Acirc;li&rsquo;de tek ba\u015f\u0131ma kalsam da, m&uuml;cadeleye ahdettim. D&uuml;\u015fman ad\u0131m ad\u0131m her taraf\u0131 i\u015fgal ederek Ankara&rsquo;ya kadar gelecek olursa, ben bir elime silah\u0131m\u0131, bir elime de T&uuml;rk bayra\u011f\u0131n\u0131 al\u0131p Elma Da\u011f\u0131&rsquo;na &ccedil;\u0131kaca\u011f\u0131m.\n<\/p>\n<p style=\"text-align: justify;\">\n\tBurada tek ba\u015f\u0131ma son kur\u015funuma kadar d&uuml;\u015fmanla &ccedil;arp\u0131\u015faca\u011f\u0131m. Sonra da bu mukaddes bayra\u011f\u0131 g&ouml;\u011fs&uuml;me sar\u0131p \u015fehit olaca\u011f\u0131m.\n<\/p>\n<p style=\"text-align: justify;\">\n\tBu bayrak kan\u0131m\u0131 sindire sindire emerken, ben de milletim u\u011fruna hayata veda edece\u011fim. Huzurunuzda buna and i&ccedil;iyorum.&rdquo;\n<\/p>\n<p>\n\t<strong>Mustafa Kemal ATAT&Uuml;RK<\/strong>, 1920 &#8211; Birinci B&uuml;y&uuml;k Millet Meclisi<\/p>\n","protected":false},"excerpt":{"rendered":"<p>Cumhuriyet Bayram\u0131&#39;m\u0131z Kutlu Olsun! &quot;Baz\u0131 arkada\u015flar\u0131n yoksulluk i&ccedil;inde bu b&uuml;y&uuml;k davan\u0131n ba\u015far\u0131lamayaca\u011f\u0131n\u0131 zannederek, memleketlerine d&ouml;nmek arzusunda olduklar\u0131n\u0131 duydum. Arkada\u015flar! Ben sizleri bu milli davaya silah zoruyla davet etmedim, g&ouml;r&uuml;yorsunuz ki sizi burada tutmak i&ccedil;in de silah\u0131m yoktur. Diledi\u011finiz gibi memleketlerinize d&ouml;nebilirsiniz. Fakat \u015funu biliniz ki, b&uuml;t&uuml;n arkada\u015flar\u0131m beni yaln\u0131z b\u0131rak\u0131p gitseler, ben bu Meclis-i &Acirc;li&rsquo;de&hellip;&nbsp;<a href=\"https:\/\/ahmet.kirali.net\/blog\/2016\/10\/28\/turkiye-cumhuriyeti-93-yasinda\/\" rel=\"bookmark\"><span class=\"screen-reader-text\">T\u00fcrkiye Cumhuriyeti 93 Ya\u015f\u0131nda!<\/span><\/a><\/p>\n","protected":false},"author":1,"featured_media":178,"comment_status":"open","ping_status":"open","sticky":false,"template":"","format":"standard","meta":{"_crdt_document":"","neve_meta_sidebar":"","neve_meta_container":"","neve_meta_enable_content_width":"","neve_meta_content_width":0,"neve_meta_title_alignment":"","neve_meta_author_avatar":"","neve_post_elements_order":"","neve_meta_disable_header":"","neve_meta_disable_footer":"","neve_meta_disable_title":"","footnotes":""},"categories":[1],"tags":[],"class_list":["post-177","post","type-post","status-publish","format-standard","has-post-thumbnail","hentry","category-genel"],"_links":{"self":[{"href":"https:\/\/ahmet.kirali.net\/blog\/wp-json\/wp\/v2\/posts\/177","targetHints":{"allow":["GET"]}}],"collection":[{"href":"https:\/\/ahmet.kirali.net\/blog\/wp-json\/wp\/v2\/posts"}],"about":[{"href":"https:\/\/ahmet.kirali.net\/blog\/wp-json\/wp\/v2\/types\/post"}],"author":[{"embeddable":true,"href":"https:\/\/ahmet.kirali.net\/blog\/wp-json\/wp\/v2\/users\/1"}],"replies":[{"embeddable":true,"href":"https:\/\/ahmet.kirali.net\/blog\/wp-json\/wp\/v2\/comments?post=177"}],"version-history":[{"count":3,"href":"https:\/\/ahmet.kirali.net\/blog\/wp-json\/wp\/v2\/posts\/177\/revisions"}],"predecessor-version":[{"id":181,"href":"https:\/\/ahmet.kirali.net\/blog\/wp-json\/wp\/v2\/posts\/177\/revisions\/181"}],"wp:featuredmedia":[{"embeddable":true,"href":"https:\/\/ahmet.kirali.net\/blog\/wp-json\/wp\/v2\/media\/178"}],"wp:attachment":[{"href":"https:\/\/ahmet.kirali.net\/blog\/wp-json\/wp\/v2\/media?parent=177"}],"wp:term":[{"taxonomy":"category","embeddable":true,"href":"https:\/\/ahmet.kirali.net\/blog\/wp-json\/wp\/v2\/categories?post=177"},{"taxonomy":"post_tag","embeddable":true,"href":"https:\/\/ahmet.kirali.net\/blog\/wp-json\/wp\/v2\/tags?post=177"}],"curies":[{"name":"wp","href":"https:\/\/api.w.org\/{rel}","templated":true}]}}